{"id":4064,"date":"2024-04-29T13:30:21","date_gmt":"2024-04-29T11:30:21","guid":{"rendered":"https:\/\/refugedelangoumois.fr\/?p=4064"},"modified":"2024-04-29T13:30:21","modified_gmt":"2024-04-29T11:30:21","slug":"community-manager-refuge-animaux","status":"publish","type":"post","link":"https:\/\/adopter.graindepixel.fr\/version\/community-manager-refuge-animaux\/","title":{"rendered":"Le refuge cherche son\/sa community  manager"},"content":{"rendered":"\n<h2 class=\"wp-block-heading\">Le refuge et son community manager pour animaux<\/h2>\n\n\n\n<p>A l&rsquo;heure des r\u00e9seaux sociaux <strong><a href=\"https:\/\/adopter.graindepixel.fr\/version\/\" data-type=\"link\" data-id=\"https:\/\/refugedelangoumois.fr\/\">le refuge de l&rsquo;Angoumois<\/a><\/strong> se doit de trouver une personne aux pouvoirs magiques : dompter les r\u00e9seaux sociaux et s&rsquo;occuper de l&rsquo;animation de ses derniers. Aujourd&rsquo;hui il est impensable de ne pas communiquer correctement et un ou une sp\u00e9cialiste pourrait nous sauver !<\/p>\n\n\n\n<figure class=\"wp-block-image size-large\"><img decoding=\"async\" src=\"https:\/\/adopter.graindepixel.fr\/version\/wp-content\/uploads\/2024\/01\/Refuge-Angoumois-08-10-23-93_websize-1024x682.jpg\" alt=\"refuge de l'angoumois recherche community manager\" class=\"wp-image-2700\"\/><\/figure>\n\n\n\n<h2 class=\"wp-block-heading\">Un community manager au profit des animaux du refuge<\/h2>\n\n\n\n<p>Le refuge de l\u2019Angoumois recherche un ou une super b\u00e9n\u00e9vole aux comp\u00e9tences bien particuli\u00e8res. Vous \u00eates un ou une passionn\u00e9e d\u2019animaux : chiens, chats. Vous connaissez bien l\u2019univers des refuges, du monde animalier et ses probl\u00e9matiques (abandon, adoption, maltraitance animale).<\/p>\n\n\n\n<p>Vous avez envie de vous mettre au service des animaux abandonn\u00e9s et prendre du temps pour venir en aide au refuge. En lien avec le comit\u00e9 d\u2019administration et la pr\u00e9sidence vous saurez dynamiser et animer nos r\u00e9seaux : campagnes d\u2019informations, sondages, recherches de dons, informations, diffusions de communiqu\u00e9s du refuge, annonces.<\/p>\n\n\n\n<p>Vous \u00eates un community manager au top et vous savez animer, g\u00e9rer et cr\u00e9er de l\u2019engagement, programmer et interagir avec la communaut\u00e9, mod\u00e9rer et g\u00e9rer les flux. Vous maitrisez les outils de communication en ligne. TikTok, Instagram, Thread ou encore <strong><a href=\"https:\/\/www.facebook.com\/groups\/115474565330520\" data-type=\"link\" data-id=\"https:\/\/www.facebook.com\/groups\/115474565330520\" target=\"_blank\" rel=\"noopener\">Facebook<\/a><\/strong>, Linkdln sont des univers connus et maitris\u00e9s. Vous savez en tirer parti et cr\u00e9er du contenu.<\/p>\n\n\n\n<h2 class=\"wp-block-heading\">Un ou une vid\u00e9aste pour mettre en avant le refuge de l&rsquo;angoumois et ses pensionnaires en vid\u00e9o<\/h2>\n\n\n\n<p>Id\u00e9alement vous savez filmer et monter des vid\u00e9os au format court (reel, short etc) avec votre smartphone. Vous avez des id\u00e9es et vous \u00eates cr\u00e9atifs. Un photographe professionnel sera \u00e0 votre disposition pour r\u00e9aliser des supports pour vos r\u00e9alisations.<\/p>\n\n\n\n<p>On recherche un ou b\u00e9n\u00e9vole avec de l\u2019exp\u00e9rience en la mati\u00e8re et qui pourra consacrer du temps de selon les possibilit\u00e9s pour vraiment dynamiser nos canaux de communication de mani\u00e8re s\u00e9rieuse, passionn\u00e9e.<\/p>\n\n\n\n<h2 class=\"wp-block-heading\">N&rsquo;h\u00e9sitez pas \u00e0 postuler<\/h2>\n\n\n\n<p>Comment postuler&nbsp;: envoyez votre candidature \u00e0 <a href=\"mailto:graindepixel@gmail.com\">graindepixel@gmail.com<\/a> pour une premi\u00e8re \u00e9tude et prise de contact.<\/p>\n","protected":false},"excerpt":{"rendered":"<p>Le refuge et son community manager pour animaux A l&rsquo;heure des r\u00e9seaux sociaux le refuge de l&rsquo;Angoumois se doit de trouver une personne aux pouvoirs magiques : dompter les r\u00e9seaux sociaux et s&rsquo;occuper de l&rsquo;animation de ses derniers. Aujourd&rsquo;hui il est impensable de ne pas communiquer correctement et un ou une sp\u00e9cialiste pourrait nous sauver [&hellip;]<\/p>\n","protected":false},"author":1,"featured_media":2700,"comment_status":"open","ping_status":"open","sticky":false,"template":"","format":"standard","meta":{"_acf_changed":false,"footnotes":""},"categories":[1,10],"tags":[],"class_list":["post-4064","post","type-post","status-publish","format-standard","has-post-thumbnail","hentry","category-non-classe","category-recherche"],"acf":[],"_links":{"self":[{"href":"https:\/\/adopter.graindepixel.fr\/version\/wp-json\/wp\/v2\/posts\/4064","targetHints":{"allow":["GET"]}}],"collection":[{"href":"https:\/\/adopter.graindepixel.fr\/version\/wp-json\/wp\/v2\/posts"}],"about":[{"href":"https:\/\/adopter.graindepixel.fr\/version\/wp-json\/wp\/v2\/types\/post"}],"author":[{"embeddable":true,"href":"https:\/\/adopter.graindepixel.fr\/version\/wp-json\/wp\/v2\/users\/1"}],"replies":[{"embeddable":true,"href":"https:\/\/adopter.graindepixel.fr\/version\/wp-json\/wp\/v2\/comments?post=4064"}],"version-history":[{"count":0,"href":"https:\/\/adopter.graindepixel.fr\/version\/wp-json\/wp\/v2\/posts\/4064\/revisions"}],"wp:featuredmedia":[{"embeddable":true,"href":"https:\/\/adopter.graindepixel.fr\/version\/wp-json\/wp\/v2\/media\/2700"}],"wp:attachment":[{"href":"https:\/\/adopter.graindepixel.fr\/version\/wp-json\/wp\/v2\/media?parent=4064"}],"wp:term":[{"taxonomy":"category","embeddable":true,"href":"https:\/\/adopter.graindepixel.fr\/version\/wp-json\/wp\/v2\/categories?post=4064"},{"taxonomy":"post_tag","embeddable":true,"href":"https:\/\/adopter.graindepixel.fr\/version\/wp-json\/wp\/v2\/tags?post=4064"}],"curies":[{"name":"wp","href":"https:\/\/api.w.org\/{rel}","templated":true}]}}