{"id":4323,"date":"2024-10-02T16:02:50","date_gmt":"2024-10-02T14:02:50","guid":{"rendered":"https:\/\/refugedelangoumois.fr\/?p=4323"},"modified":"2024-10-02T16:02:50","modified_gmt":"2024-10-02T14:02:50","slug":"nouveau-logo-refuge-angoumois-spa-mornac","status":"publish","type":"post","link":"https:\/\/adopter.graindepixel.fr\/version\/nouveau-logo-refuge-angoumois-spa-mornac\/","title":{"rendered":"Le logo du refuge fait sa mue"},"content":{"rendered":"\n<h2 class=\"kt-adv-heading4323_da3c33-b1 wp-block-kadence-advancedheading\" data-kb-block=\"kb-adv-heading4323_da3c33-b1\">Wolf, le chien dont personne ne voulait<\/h2>\n\n\n\n<p>Le logo du refuge de l\u2019Angoumois c\u2019est avant tout l\u2019incarnation d\u2019un chien que personne n\u2019oubliera, un chien <strong><a href=\"https:\/\/adopter.graindepixel.fr\/version\/refuge-angoumois-presentation\/\" data-type=\"page\" data-id=\"1436\">qui aura marqu\u00e9 de sa pr\u00e9sence et son \u00e2me le refuge<\/a><\/strong> : Wolf.<\/p>\n\n\n\n<p>Wolf arrive au refuge \u00e0 l\u2019\u00e2ge de deux ans. Durant ces sept longues ann\u00e9es il aura accompagn\u00e9 les \u00e9quipes. Jusqu\u2019\u00e0 l\u2019\u00e2ge de ses dix ans, jour b\u00e9ni puisque c\u2019est LA rencontre avec Jacqueline. Jacqueline arrive au refuge avec une attente, un d\u00e9sir : adopter l\u2019animal que personne ne voulait.<\/p>\n\n\n\n<figure class=\"wp-block-kadence-image kb-image4323_c09830-8d size-full\"><img decoding=\"async\" src=\"https:\/\/adopter.graindepixel.fr\/version\/wp-content\/uploads\/2024\/10\/1.png\" alt=\"wolf-refuge-angoumois-chien-adoption\" class=\"kb-img wp-image-4324\"\/><\/figure>\n\n\n\n<h2 class=\"kt-adv-heading4323_cec709-c7 wp-block-kadence-advancedheading\" data-kb-block=\"kb-adv-heading4323_cec709-c7\">La rencontre qui changea tout<\/h2>\n\n\n\n<p>C\u2019est la rencontre avec Wolf et le d\u00e9but d\u2019une folle aventure, d\u2019une vie au bonheur immense, pleine d\u2019amour et de tendresse. Une famille qui aura eu ce geste merveilleux <strong><a href=\"https:\/\/adopter.graindepixel.fr\/version\/operation-doyen\/\" data-type=\"page\" data-id=\"1429\">d\u2019adopter notre doyen<\/a><\/strong> pour lui apporter toute l\u2019affection qu\u2019il attendait et m\u00e9ritait. Une nouvelle vie apr\u00e8s sept ann\u00e9es derri\u00e8re les barreaux \u00e0 attendre qu\u2019une seconde chance s\u2019offre \u00e0 lui. Wolf la perle noire avait trouv\u00e9 <strong><a href=\"https:\/\/adopter.graindepixel.fr\/version\/vous-avez-adopte-en-refuge-temoignez\/\" data-type=\"page\" data-id=\"4244\">son refuge, sa famille.<\/a><\/strong><\/p>\n\n\n\n<h2 class=\"kt-adv-heading4323_8854e9-5e wp-block-kadence-advancedheading\" data-kb-block=\"kb-adv-heading4323_8854e9-5e\">Un duo qui devient un logo<\/h2>\n\n\n\n<p>Quelques temps apr\u00e8s l\u2019adoption de Wolf, une photo est r\u00e9alis\u00e9e au refuge avec Wolf et Tigrou le petit chat. Cette image iconique devient un symbole. Un marquage qui repr\u00e9sente la main tendue et offre une nouvelle chance \u00e0 tous ces animaux abandonn\u00e9s. Le logo du refuge c\u2019est un hommage \u00e0 Wolf, cette jolie et tendre perle noire qui aura accompagn\u00e9 Jacqueline durant six ann\u00e9es de partage. \u00ab Wolf est un oc\u00e9an de bont\u00e9 \u00bb comme se plaisait \u00e0 dire Jacqueline sa maitresse au grand c\u0153ur.<\/p>\n\n\n\n<p>Aujourd\u2019hui 7 ann\u00e9es ont pass\u00e9es. Le refuge a \u00e9volu\u00e9, grandit mais toujours dans le souvenir de Wolf, l\u2019ange du refuge. Il n\u2019est pas encore temps de se dire au revoir. Au contraire il est temps de rev\u00eatir un nouvel habit de lumi\u00e8re pour que Wolf brille encore et toujours plus fort. Conserver cette image qui repr\u00e9sente si bien la seconde chance, la main tendue \u00e0 ces animaux abandonn\u00e9s n\u2019attendant que vous pour leur offrir une nouvelle famille.<\/p>\n\n\n\n<figure class=\"wp-block-kadence-image kb-image4323_42c86d-b7 size-full\"><img decoding=\"async\" src=\"https:\/\/adopter.graindepixel.fr\/version\/wp-content\/uploads\/2024\/10\/2.png\" alt=\"wolf-tigrou-refuge-angoumois\" class=\"kb-img wp-image-4325\"\/><\/figure>\n\n\n\n<div class=\"wp-block-kadence-image kb-image4323_420221-ae\"><figure class=\"aligncenter size-full\"><img decoding=\"async\" src=\"https:\/\/adopter.graindepixel.fr\/version\/wp-content\/uploads\/2024\/01\/logo-refuge-page-web-500.png\" alt=\"logo-refuge-angoumois-Mornac-Charente\" class=\"kb-img wp-image-3052\"\/><\/figure><\/div>\n\n\n\n<h2 class=\"kt-adv-heading4323_abc50f-aa wp-block-kadence-advancedheading\" data-kb-block=\"kb-adv-heading4323_abc50f-aa\">Nouveau logo, nouvel habit pour le refuge de l&rsquo;Angoumois<\/h2>\n\n\n\n<p>Le logo du refuge ne change pas il mue. Il se transcende pour offrir au public une image qui tout en traversant le temps, s\u2019adapte \u00e0 un nouveau cycle. Avec l\u2019espoir que cette \u00e9volution soit aussi <strong><a href=\"https:\/\/www.defensedelanimal.fr\/\" data-type=\"link\" data-id=\"https:\/\/www.defensedelanimal.fr\/\" target=\"_blank\" rel=\"noopener\">celle des animaux abandonn\u00e9s<\/a><\/strong>, en apportant avec elle des changements majeurs, des prises de conscience et une plus grande responsabilit\u00e9 de la part des Humains. Wolf a \u00e9t\u00e9, est et restera le symbole \u00e9ternel du refuge avec Tigrou le chat. Il continue de veiller sur sa famille, et vogue au-dessus du refuge pour souffler \u00e0 l\u2019oreille de ses fr\u00e8res et s\u0153urs d\u2019infortune, qu\u2019un jour, au bout du tunnel, il y a la lumi\u00e8re.<\/p>\n\n\n\n<figure class=\"wp-block-kadence-image kb-image4323_9200bd-85 size-full\"><img decoding=\"async\" src=\"https:\/\/adopter.graindepixel.fr\/version\/wp-content\/uploads\/2024\/10\/3.png\" alt=\"\" class=\"kb-img wp-image-4326\"\/><\/figure>\n\n\n\n<p>Nous esp\u00e9rons que ces changements seront source de force, de positivit\u00e9 et d\u2019engouement. Pour que le refuge puisse trouver dans cette continuit\u00e9 \u00e9coute et soutien aupr\u00e8s de tous. Car votre aide, vos dons sont indispensables pour que nos pensionnaires d\u2019infortune puissent vivre, \u00eatre soign\u00e9, aliment\u00e9 jusqu\u2019\u00e0 ce qu\u2019un humain vienne rencontrer son \u00e2me animale et l\u2019emm\u00e8ne avec lui pour un nouveau d\u00e9part.<\/p>\n\n\n\n<p>Chaque jour, chaque heure nous remercions tous ceux qui \u0153uvrent pour le refuge et ses animaux.<\/p>\n","protected":false},"excerpt":{"rendered":"<p>Le logo du refuge de l\u2019Angoumois c\u2019est avant tout l\u2019incarnation d\u2019un chien que personne n\u2019oubliera, un chien qui aura marqu\u00e9 de sa pr\u00e9sence et son \u00e2me le refuge : Wolf. Wolf arrive au refuge \u00e0 l\u2019\u00e2ge de deux ans. Durant ces sept longues ann\u00e9es il aura accompagn\u00e9 les \u00e9quipes. Jusqu\u2019\u00e0 l\u2019\u00e2ge de ses dix ans, [&hellip;]<\/p>\n","protected":false},"author":1,"featured_media":4327,"comment_status":"open","ping_status":"open","sticky":false,"template":"","format":"standard","meta":{"_acf_changed":false,"footnotes":""},"categories":[11],"tags":[],"class_list":["post-4323","post","type-post","status-publish","format-standard","has-post-thumbnail","hentry","category-actualites-du-refuge"],"acf":[],"_links":{"self":[{"href":"https:\/\/adopter.graindepixel.fr\/version\/wp-json\/wp\/v2\/posts\/4323","targetHints":{"allow":["GET"]}}],"collection":[{"href":"https:\/\/adopter.graindepixel.fr\/version\/wp-json\/wp\/v2\/posts"}],"about":[{"href":"https:\/\/adopter.graindepixel.fr\/version\/wp-json\/wp\/v2\/types\/post"}],"author":[{"embeddable":true,"href":"https:\/\/adopter.graindepixel.fr\/version\/wp-json\/wp\/v2\/users\/1"}],"replies":[{"embeddable":true,"href":"https:\/\/adopter.graindepixel.fr\/version\/wp-json\/wp\/v2\/comments?post=4323"}],"version-history":[{"count":0,"href":"https:\/\/adopter.graindepixel.fr\/version\/wp-json\/wp\/v2\/posts\/4323\/revisions"}],"wp:featuredmedia":[{"embeddable":true,"href":"https:\/\/adopter.graindepixel.fr\/version\/wp-json\/wp\/v2\/media\/4327"}],"wp:attachment":[{"href":"https:\/\/adopter.graindepixel.fr\/version\/wp-json\/wp\/v2\/media?parent=4323"}],"wp:term":[{"taxonomy":"category","embeddable":true,"href":"https:\/\/adopter.graindepixel.fr\/version\/wp-json\/wp\/v2\/categories?post=4323"},{"taxonomy":"post_tag","embeddable":true,"href":"https:\/\/adopter.graindepixel.fr\/version\/wp-json\/wp\/v2\/tags?post=4323"}],"curies":[{"name":"wp","href":"https:\/\/api.w.org\/{rel}","templated":true}]}}