{"id":4690,"date":"2025-03-23T18:43:21","date_gmt":"2025-03-23T17:43:21","guid":{"rendered":"https:\/\/refugedelangoumois.fr\/?p=4690"},"modified":"2025-03-23T18:43:21","modified_gmt":"2025-03-23T17:43:21","slug":"aidez-le-refuge-de-langoumois","status":"publish","type":"post","link":"https:\/\/adopter.graindepixel.fr\/version\/aidez-le-refuge-de-langoumois\/","title":{"rendered":"Aidez le refuge de l&rsquo;Angoumois"},"content":{"rendered":"\n<h2 class=\"kt-adv-heading4690_5d2938-74 wp-block-kadence-advancedheading\" data-kb-block=\"kb-adv-heading4690_5d2938-74\">Notre refuge est en danger de mort !<\/h2>\n\n\n\n<p>Comme vous le savez Le Refuge de l\u2019Angoumois\/SPA de Mornac Charente assure une mission importante d\u2019int\u00e9r\u00eat g\u00e9n\u00e9ral, en accueillant plus de 1 000 chiens et chats chaque ann\u00e9e, maltrait\u00e9s ou abandonn\u00e9s sur l\u2019ensemble du d\u00e9partement.Au-del\u00e0 de cette action, notre fiert\u00e9 est que nous nous refusons \u00e0 pratiquer l\u2019euthanasie de convenance : face \u00e0 un refuge surcharg\u00e9 nous recherchons toujours des alternatives pour offrir une seconde chance aux animaux ; face \u00e0 la maladie nous privil\u00e9gions les soins tant que les v\u00e9t\u00e9rinaires \u00e9valuent qu\u2019ils offriront un confort de vie aux animaux, nous nous opposons au d\u00e9lit de faci\u00e8s pour les chiens pr\u00e9sum\u00e9s dangereux d\u00e8s lors qu\u2019ils sont adoptables.<\/p>\n\n\n\n<h2 class=\"kt-adv-heading4690_50d1b8-98 wp-block-kadence-advancedheading\" data-kb-block=\"kb-adv-heading4690_50d1b8-98\">Un ph\u00e9nom\u00e8ne d&rsquo;abandon massif <\/h2>\n\n\n\n<p>Mais, depuis plusieurs mois nous sommes confront\u00e9s \u00e0 un ph\u00e9nom\u00e8ne d\u2019abandon massif, chaque jour nous recevons des demandes de prises en charge. L\u2019accueil d\u2019animaux de plus en plus nombreux signifie beaucoup plus de soins \u00e0 r\u00e9aliser et donc de frais \u00e0 supporter, en plus des frais de fonctionnement n\u00e9cessaires pour notre association.Nous sommes \u00e0 ce jour dans une situation financi\u00e8re catastrophique avec des factures qui s\u2019accumulent. Notre refuge, tr\u00e8s endett\u00e9, risque la fermeture prochainement mettant dans une situation critique nos 10 salari\u00e9s et les 320 chiens et chats que nous h\u00e9bergeons actuellement.<\/p>\n\n\n\n<h2 class=\"kt-adv-heading4690_8ef721-cc wp-block-kadence-advancedheading\" data-kb-block=\"kb-adv-heading4690_8ef721-cc\">\u00c9rosion des adoptions et chute des financements<\/h2>\n\n\n\n<p>A compter de ce jour il n\u2019y aura plus, malheureusement, de nouvelles entr\u00e9es de chiens ou de chats au refuge, nous ne pourrons plus accueillir les animaux abandonn\u00e9s.C\u00f4t\u00e9 recettes, les adoptions s\u2019\u00e9rodent, et les financements institutionnels ont chut\u00e9. Traditionnellement nous b\u00e9n\u00e9ficions de legs de la part de personnes sensibles \u00e0 notre action, mais actuellement plusieurs legs sont bloqu\u00e9s chez les notaires dans le cadre d\u2019h\u00e9ritages complexes. <\/p>\n\n\n\n<p>Les collectivit\u00e9s, elles aussi en difficult\u00e9 financi\u00e8re, sont de plus en plus r\u00e9ticentes \u00e0 nous verser des subventions.Et concernant le syndicat mixte de la fourri\u00e8re, pour le compte duquel nous assurions la fourri\u00e8re chiens et chats jusqu\u2019\u00e0 la fin de l\u2019ann\u00e9e derni\u00e8re, a bloqu\u00e9 le solde de subvention 2023 et nos prestations de fin d\u2019ann\u00e9e 2024 pour un montant total de 22 585 \u20ac. Et bien entendu n\u2019a pas l\u2019intention de verser la subvention habituelle pour 2024.<\/p>\n\n\n\n<p>Rappelons au passage que l\u2019origine de nos d\u00e9saccords concernait le souhait du syndicat, d\u2019euthanasie des chats porteurs du FIV et des loulous Nala, Bounty, Cindy, Jason et Jet consid\u00e9r\u00e9s de cat\u00e9gorie 1, par leur service, et qui sont toujours en train de croupir en boxes depuis bient\u00f4t deux ans, emp\u00eachant de fait toute adoption\u2026<\/p>\n\n\n\n<h2 class=\"kt-adv-heading4690_9bd8ac-3e wp-block-kadence-advancedheading\" data-kb-block=\"kb-adv-heading4690_9bd8ac-3e\">Un conseil d&rsquo;administration critiqu\u00e9 mais qui se bat et agit <\/h2>\n\n\n\n<p>Le conseil d\u2019administration est souvent critiqu\u00e9, mais nous nous battons tous les jours dans l\u2019ombre pour notre refuge et nos animaux.Nous savons que malheureusement, certaines personnes derri\u00e8re leur \u00e9cran, se r\u00e9jouiront de la situation, clameront que ce n\u2019est pas \u00e9tonnant \u00e9tant donn\u00e9 le conseil d\u2019administration en place sur lequel il est toujours pratique de tirer\u2026 <\/p>\n\n\n\n<p>Mais souvent ce sont les m\u00eames personnes qui n\u2019ont jamais men\u00e9 la moindre action pour la protection animale qui se permettent de critiquer.Aujourd\u2019hui nous n\u2019avons que faire des commentaires d\u00e9sobligeants, notre seul but est de sauver notre refuge pour les animaux qui y sont h\u00e9berg\u00e9s et pour les humains qui y travaillent.<\/p>\n\n\n\n<h2 class=\"kt-adv-heading4690_a66d86-bf wp-block-kadence-advancedheading\" data-kb-block=\"kb-adv-heading4690_a66d86-bf\">Des refuges qui ferment <\/h2>\n\n\n\n<p>La situation n\u2019est pas simple, \u00e0 l\u2019instar de plusieurs confr\u00e8res qui ont d\u00e9j\u00e0 ferm\u00e9 les portes de leur refuge. <\/p>\n\n\n\n<p>Nous ne pouvons nous r\u00e9soudre \u00e0 une telle situation qui serait une catastrophe pour la protection animale sur notre d\u00e9partement, pour nos agents, tellement engag\u00e9s, passionn\u00e9s et d\u00e9vou\u00e9s et nos animaux qui sont tellement nombreux que nous ne pourrions leur trouver de place dans d\u2019autres refuges.<\/p>\n\n\n\n<p>Et donc ? Vous comprenez ce qu\u2019il adviendrait pour une grande majorit\u00e9 d\u2019entre eux ? Nous ne pouvons imaginer une telle vision d\u2019horreur.<\/p>\n\n\n\n<h2 class=\"kt-adv-heading4690_660bbd-47 wp-block-kadence-advancedheading\" data-kb-block=\"kb-adv-heading4690_660bbd-47\">Nous avons besoin de votre soutien<\/h2>\n\n\n\n<p>Aujourd\u2019hui nous en appelons \u00e0 l\u2019aide de nos b\u00e9n\u00e9voles, nous ne demandons pas de critiques comme c\u2019est souvent le cas, mais nous demandons votre soutien pour nos animaux en danger de mort.<\/p>\n\n\n\n<p>Si vous avez des contacts, des id\u00e9es qui pourraient permettre de lever des fonds, vous pouvez nous adresser vos propositions sur la boite contact@refugedelangoumois.fr<\/p>\n\n\n\n<p>Nous vous demandons de ne pas lancer d\u2019initiative seuls sans validation afin d\u2019\u00e9viter les doublons sur certaines actions.Nous comptons sur vous pour nous aider \u00e0 sauver nos animaux.<\/p>\n\n\n\n<h2 class=\"kt-adv-heading4690_aca3dc-75 wp-block-kadence-advancedheading\" data-kb-block=\"kb-adv-heading4690_aca3dc-75\">Nos d\u00e9marches et actions<\/h2>\n\n\n\n<p>En ce qui nous concerne, nous avons cette ann\u00e9e, en plus des actions habituelles et de la demande de subvention adress\u00e9e au D\u00e9partement, envoy\u00e9 \u00e0 toutes les communes de Charente une demande de subvention, et un dossier de proposition de m\u00e9c\u00e9nat a \u00e9t\u00e9 adress\u00e9 \u00e0 de tr\u00e8s nombreuses entreprises.Nous recherchons par ailleurs des contacts d\u2019influenceurs, de gamers pour lever des fonds, etc&#8230;<\/p>\n\n\n\n<p>On compte sur vous. Aidez-nous.<\/p>\n\n\n\n<p>Coralie Guerry, pr\u00e9sidente<\/p>\n\n\n\n<p>Chantal Bonhomme, vice Pr\u00e9sidente <\/p>\n\n\n\n<p>Luce Wiget, vice pr\u00e9sidente<\/p>\n\n\n\n<p>Gilles Petit, secr\u00e9taire<\/p>\n\n\n\n<p>Alexandre Roy, tr\u00e9sorier<\/p>\n\n\n\n<p>Ludovic Charlemagne, administrateur<\/p>\n\n\n\n<p>Pour faire un don :<strong><a href=\"https:\/\/adopter.graindepixel.fr\/version\/faire-un-don-ou-un-legs-au-refuge\/\">https:\/\/adopter.graindepixel.fr\/version\/faire-un-don-ou-un-legs-au-refuge<\/a><\/strong>\/<\/p>\n","protected":false},"excerpt":{"rendered":"<p>Comme vous le savez Le Refuge de l\u2019Angoumois\/SPA de Mornac Charente assure une mission importante d\u2019int\u00e9r\u00eat g\u00e9n\u00e9ral, en accueillant plus de 1 000 chiens et chats chaque ann\u00e9e, maltrait\u00e9s ou abandonn\u00e9s sur l\u2019ensemble du d\u00e9partement.Au-del\u00e0 de cette action, notre fiert\u00e9 est que nous nous refusons \u00e0 pratiquer l\u2019euthanasie de convenance : face \u00e0 un refuge [&hellip;]<\/p>\n","protected":false},"author":1,"featured_media":4381,"comment_status":"closed","ping_status":"open","sticky":false,"template":"","format":"standard","meta":{"_acf_changed":false,"footnotes":""},"categories":[11],"tags":[],"class_list":["post-4690","post","type-post","status-publish","format-standard","has-post-thumbnail","hentry","category-actualites-du-refuge"],"acf":[],"_links":{"self":[{"href":"https:\/\/adopter.graindepixel.fr\/version\/wp-json\/wp\/v2\/posts\/4690","targetHints":{"allow":["GET"]}}],"collection":[{"href":"https:\/\/adopter.graindepixel.fr\/version\/wp-json\/wp\/v2\/posts"}],"about":[{"href":"https:\/\/adopter.graindepixel.fr\/version\/wp-json\/wp\/v2\/types\/post"}],"author":[{"embeddable":true,"href":"https:\/\/adopter.graindepixel.fr\/version\/wp-json\/wp\/v2\/users\/1"}],"replies":[{"embeddable":true,"href":"https:\/\/adopter.graindepixel.fr\/version\/wp-json\/wp\/v2\/comments?post=4690"}],"version-history":[{"count":0,"href":"https:\/\/adopter.graindepixel.fr\/version\/wp-json\/wp\/v2\/posts\/4690\/revisions"}],"wp:featuredmedia":[{"embeddable":true,"href":"https:\/\/adopter.graindepixel.fr\/version\/wp-json\/wp\/v2\/media\/4381"}],"wp:attachment":[{"href":"https:\/\/adopter.graindepixel.fr\/version\/wp-json\/wp\/v2\/media?parent=4690"}],"wp:term":[{"taxonomy":"category","embeddable":true,"href":"https:\/\/adopter.graindepixel.fr\/version\/wp-json\/wp\/v2\/categories?post=4690"},{"taxonomy":"post_tag","embeddable":true,"href":"https:\/\/adopter.graindepixel.fr\/version\/wp-json\/wp\/v2\/tags?post=4690"}],"curies":[{"name":"wp","href":"https:\/\/api.w.org\/{rel}","templated":true}]}}