{"id":4699,"date":"2025-04-07T12:15:08","date_gmt":"2025-04-07T10:15:08","guid":{"rendered":"https:\/\/refugedelangoumois.fr\/?p=4699"},"modified":"2025-04-07T12:15:08","modified_gmt":"2025-04-07T10:15:08","slug":"urgence-refuge-en-danger","status":"publish","type":"post","link":"https:\/\/adopter.graindepixel.fr\/version\/urgence-refuge-en-danger\/","title":{"rendered":"URGENCE : REFUGE EN DANGER"},"content":{"rendered":"\n<p>Le Refuge de l\u2019Angoumois \/ SPA de Mornac Charente risque de fermer ses portes. <strong>320 chiens et chats pourraient se retrouver sans solution.<\/strong><\/p>\n\n\n\n<p>Nous vous partageons <strong><a href=\"https:\/\/www.helloasso.com\/associations\/refuge-de-l-angoumois-spa-charente\/collectes\/fermeture-imminente-sauvons-le-refuge\" data-type=\"link\" data-id=\"https:\/\/www.helloasso.com\/associations\/refuge-de-l-angoumois-spa-charente\/collectes\/fermeture-imminente-sauvons-le-refuge\" target=\"_blank\" rel=\"noopener\">la cagnotte sp\u00e9cialement d\u00e9di\u00e9e<\/a><\/strong> \u00e0 cette cause (lien et QR code). En vous rendant <strong><a href=\"https:\/\/www.helloasso.com\/associations\/refuge-de-l-angoumois-spa-charente\/collectes\/fermeture-imminente-sauvons-le-refuge\" target=\"_blank\" rel=\"noopener\">sur la page de la cagnotte<\/a><\/strong>, vous aurez <strong><a href=\"https:\/\/adopter.graindepixel.fr\/version\/aidez-le-refuge-de-langoumois\/\" data-type=\"link\" data-id=\"https:\/\/refugedelangoumois.fr\/aidez-le-refuge-de-langoumois\/\">un descriptif d\u00e9taill\u00e9 de la situation.<\/a><\/strong><\/p>\n\n\n\n<div class=\"wp-block-kadence-advancedbtn kb-buttons-wrap kb-btns4699_edbfd3-1b\"><\/div>\n\n\n\n<p class=\"has-text-align-center\">Svp partagez, commentez, aimez, le refuge ne doit pas cesser d&rsquo;exister.<\/p>\n\n\n\n<div class=\"wp-block-kadence-image kb-image4699_a05e92-5e\"><figure class=\"aligncenter size-1536x1536\"><img decoding=\"async\" src=\"https:\/\/adopter.graindepixel.fr\/version\/wp-content\/uploads\/2025\/04\/486388266_122152537364501502_2619289752782780738_n-1086x1536.jpg\" alt=\"Le refuge de l'angoumois a besoin de votre soutien\" class=\"kb-img wp-image-4701\"\/><\/figure><\/div>\n\n\n\n<h2 class=\"kt-adv-heading4699_7acebf-3d wp-block-kadence-advancedheading\" data-kb-block=\"kb-adv-heading4699_7acebf-3d\">Pourquoi ?<\/h2>\n\n\n\n<p><img loading=\"lazy\" decoding=\"async\" height=\"16\" width=\"16\" alt=\"\u27a1\ufe0f\" src=\"https:\/\/static.xx.fbcdn.net\/images\/emoji.php\/v9\/t9e\/1\/16\/27a1.png\"> Explosion des abandons<\/p>\n\n\n\n<p><img loading=\"lazy\" decoding=\"async\" height=\"16\" width=\"16\" alt=\"\u27a1\ufe0f\" src=\"https:\/\/static.xx.fbcdn.net\/images\/emoji.php\/v9\/t9e\/1\/16\/27a1.png\"> Chute des dons et des subventions<\/p>\n\n\n\n<p><img loading=\"lazy\" decoding=\"async\" height=\"16\" width=\"16\" alt=\"\u27a1\ufe0f\" src=\"https:\/\/static.xx.fbcdn.net\/images\/emoji.php\/v9\/t9e\/1\/16\/27a1.png\"> Frais en hausse (soins, alimentation, charges\u2026)<\/p>\n\n\n\n<h2 class=\"kt-adv-heading4699_e4c215-ca wp-block-kadence-advancedheading\" data-kb-block=\"kb-adv-heading4699_e4c215-ca\"> Les cons\u00e9quences ?<\/h2>\n\n\n\n<p><img loading=\"lazy\" decoding=\"async\" height=\"16\" width=\"16\" alt=\"\u27a1\ufe0f\" src=\"https:\/\/static.xx.fbcdn.net\/images\/emoji.php\/v9\/t9e\/1\/16\/27a1.png\"> Moins de sauvetages, plus d\u2019abandons et d\u2019euthanasies<\/p>\n\n\n\n<p><img loading=\"lazy\" decoding=\"async\" height=\"16\" width=\"16\" alt=\"\u27a1\ufe0f\" src=\"https:\/\/static.xx.fbcdn.net\/images\/emoji.php\/v9\/t9e\/1\/16\/27a1.png\"> Plus de soins possibles pour nos animaux<\/p>\n\n\n\n<p><img loading=\"lazy\" decoding=\"async\" height=\"16\" width=\"16\" alt=\"\u27a1\ufe0f\" src=\"https:\/\/static.xx.fbcdn.net\/images\/emoji.php\/v9\/t9e\/1\/16\/27a1.png\"> Licenciement de 10 salari\u00e9s<\/p>\n\n\n\n<p><img loading=\"lazy\" decoding=\"async\" height=\"16\" width=\"16\" src=\"https:\/\/static.xx.fbcdn.net\/images\/emoji.php\/v9\/tb0\/1\/16\/1f3af.png\" alt=\"\ud83c\udfaf\"> Objectif : <strong>100 000\u20ac en 2 mois <\/strong>pour continuer notre mission.<\/p>\n\n\n\n<h2 class=\"kt-adv-heading4699_4df613-9b wp-block-kadence-advancedheading\" data-kb-block=\"kb-adv-heading4699_4df613-9b\">Comment aider ?<\/h2>\n\n\n\n<p><img loading=\"lazy\" decoding=\"async\" height=\"16\" width=\"16\" src=\"https:\/\/static.xx.fbcdn.net\/images\/emoji.php\/v9\/t51\/1\/16\/2714.png\" alt=\"\u2714\ufe0f\"> Faites un don sur notre cagnotte FERMETURE IMMINENTE : <a href=\"https:\/\/www.helloasso.com\/associations\/refuge-de-l-angoumois-spa-charente\/collectes\/fermeture-imminente-sauvons-le-refuge\" target=\"_blank\" rel=\"noreferrer noopener\">https:\/\/www.helloasso.com\/&#8230;\/fermeture-imminente-sauvons&#8230;<\/a><\/p>\n\n\n\n<p><img loading=\"lazy\" decoding=\"async\" height=\"16\" width=\"16\" alt=\"\u2714\ufe0f\" src=\"https:\/\/static.xx.fbcdn.net\/images\/emoji.php\/v9\/t51\/1\/16\/2714.png\"> Partagez ce message pour nous soutenir<\/p>\n\n\n\n<p><img loading=\"lazy\" decoding=\"async\" height=\"16\" width=\"16\" alt=\"\ud83d\udccd\" src=\"https:\/\/static.xx.fbcdn.net\/images\/emoji.php\/v9\/t2d\/1\/16\/1f4cd.png\"> Refuge de l\u2019Angoumois \/ SPA de Mornac Charente<\/p>\n\n\n\n<p><img loading=\"lazy\" decoding=\"async\" height=\"16\" width=\"16\" alt=\"\ud83d\udcde\" src=\"https:\/\/static.xx.fbcdn.net\/images\/emoji.php\/v9\/t4d\/1\/16\/1f4de.png\"> 06 38 42 77 51<\/p>\n\n\n\n<div class=\"wp-block-buttons is-content-justification-center is-layout-flex wp-container-core-buttons-is-layout-16018d1d wp-block-buttons-is-layout-flex\">\n<div class=\"wp-block-button\"><a class=\"wp-block-button__link wp-element-button\" href=\"https:\/\/adopter.graindepixel.fr\/version\/contact\/\"> contact@refugedelangoumois.fr<\/a><\/div>\n<\/div>\n\n\n\n<p class=\"has-text-align-center\">Ne les laissons pas tomber. <img loading=\"lazy\" decoding=\"async\" height=\"16\" width=\"16\" alt=\"\ud83d\ude4f\" src=\"https:\/\/static.xx.fbcdn.net\/images\/emoji.php\/v9\/t80\/1\/16\/1f64f.png\"><\/p>\n","protected":false},"excerpt":{"rendered":"<p>Le Refuge de l\u2019Angoumois \/ SPA de Mornac Charente risque de fermer ses portes. 320 chiens et chats pourraient se retrouver sans solution. Nous vous partageons la cagnotte sp\u00e9cialement d\u00e9di\u00e9e \u00e0 cette cause (lien et QR code). En vous rendant sur la page de la cagnotte, vous aurez un descriptif d\u00e9taill\u00e9 de la situation. Svp [&hellip;]<\/p>\n","protected":false},"author":1,"featured_media":4700,"comment_status":"closed","ping_status":"open","sticky":false,"template":"","format":"standard","meta":{"_acf_changed":false,"footnotes":""},"categories":[1],"tags":[],"class_list":["post-4699","post","type-post","status-publish","format-standard","has-post-thumbnail","hentry","category-non-classe"],"acf":[],"_links":{"self":[{"href":"https:\/\/adopter.graindepixel.fr\/version\/wp-json\/wp\/v2\/posts\/4699","targetHints":{"allow":["GET"]}}],"collection":[{"href":"https:\/\/adopter.graindepixel.fr\/version\/wp-json\/wp\/v2\/posts"}],"about":[{"href":"https:\/\/adopter.graindepixel.fr\/version\/wp-json\/wp\/v2\/types\/post"}],"author":[{"embeddable":true,"href":"https:\/\/adopter.graindepixel.fr\/version\/wp-json\/wp\/v2\/users\/1"}],"replies":[{"embeddable":true,"href":"https:\/\/adopter.graindepixel.fr\/version\/wp-json\/wp\/v2\/comments?post=4699"}],"version-history":[{"count":0,"href":"https:\/\/adopter.graindepixel.fr\/version\/wp-json\/wp\/v2\/posts\/4699\/revisions"}],"wp:featuredmedia":[{"embeddable":true,"href":"https:\/\/adopter.graindepixel.fr\/version\/wp-json\/wp\/v2\/media\/4700"}],"wp:attachment":[{"href":"https:\/\/adopter.graindepixel.fr\/version\/wp-json\/wp\/v2\/media?parent=4699"}],"wp:term":[{"taxonomy":"category","embeddable":true,"href":"https:\/\/adopter.graindepixel.fr\/version\/wp-json\/wp\/v2\/categories?post=4699"},{"taxonomy":"post_tag","embeddable":true,"href":"https:\/\/adopter.graindepixel.fr\/version\/wp-json\/wp\/v2\/tags?post=4699"}],"curies":[{"name":"wp","href":"https:\/\/api.w.org\/{rel}","templated":true}]}}