{"id":4936,"date":"2025-07-22T17:37:12","date_gmt":"2025-07-22T15:37:12","guid":{"rendered":"https:\/\/refugedelangoumois.fr\/?p=4936"},"modified":"2025-07-22T17:37:12","modified_gmt":"2025-07-22T15:37:12","slug":"droit-de-reponse-presse","status":"publish","type":"post","link":"https:\/\/adopter.graindepixel.fr\/version\/droit-de-reponse-presse\/","title":{"rendered":"Droit de r\u00e9ponse"},"content":{"rendered":"\n<h2 class=\"wp-block-heading\"><strong>Une petite au point suite \u00e0 l&rsquo;article de Charente libre du 4 juillet 2025<\/strong><\/h2>\n\n\n\n<p><strong><a href=\"https:\/\/www.charentelibre.fr\/societe\/faune-et-flore\/en-conflit-avec-la-spa-la-fourriere-expedie-des-chiens-en-charente-maritime-25092039.php\" data-type=\"link\" data-id=\"https:\/\/www.charentelibre.fr\/societe\/faune-et-flore\/en-conflit-avec-la-spa-la-fourriere-expedie-des-chiens-en-charente-maritime-25092039.php\" target=\"_blank\" rel=\"noopener\">Suite \u00e0 la parution d&rsquo;un article dans le journal Charente Libre<\/a><\/strong>, o\u00f9 majorit\u00e9 des propos cit\u00e9s semblent \u00eatre d&rsquo;une origine majoritairement unique et partiale. Voici le droit de r\u00e9ponse de <strong><a href=\"https:\/\/adopter.graindepixel.fr\/version\/faire-un-don-ou-un-legs-au-refuge\/\">la pr\u00e9sidente du Refuge de l&rsquo;Angoumois<\/a><\/strong> aux propos \u00e9voqu\u00e9s.<\/p>\n\n\n\n<p>En effet on peut parler d\u2019aberrations quand des individus s\u2019obstinent \u00e0 critiquer, \u00e0 vouloir la mort d\u2019une association de protection animale et \u00e0 l\u2019affubler de tous les maux une fois de plus. On va faire un petit rappel pour ceux qui ne se souviennent pas ou ne savent pas (ou qui trouvent intellectuellement apaisant de croire la belle histoire du gentil syndicat mixte de la fourri\u00e8re et du vilain refuge).\u00a0<strong>Le pourquoi du d\u00e9but des discordes avec le syndicat mixte de la fourri\u00e8re, qui ont en effet commenc\u00e9 apr\u00e8s que trois chats aient \u00e9t\u00e9 envoy\u00e9s \u00e0 la mort.<\/strong><\/p>\n\n\n\n<figure class=\"wp-block-kadence-image kb-image4936_0e2e88-70 size-large\"><img decoding=\"async\" src=\"https:\/\/adopter.graindepixel.fr\/version\/wp-content\/uploads\/2025\/07\/refuge-angoumois-19-07-25-grain-de-pixel-17-1024x682.jpg\" alt=\"\" class=\"kb-img wp-image-4939\"\/><\/figure>\n\n\n\n<h2 class=\"wp-block-heading\">Une d\u00e9cision intol\u00e9rable<\/h2>\n\n\n\n<p>Nous avons vu pleurer nos agents animaliers qui voyaient partir \u00e0 la mort 3 chats adorables qui \u00e9taient en fin de d\u00e9lai fourri\u00e8re. Ces trois chats ont \u00e9t\u00e9 emmen\u00e9s par l\u2019agent du syndicat mixte de la fourri\u00e8re, chez un v\u00e9t\u00e9rinaire qui a os\u00e9 me dire lors de mon appel t\u00e9l\u00e9phonique pour essayer de stopper cette horreur \u00ab c\u2019est trop tard ils ont \u00e9t\u00e9 euthanasi\u00e9s mais ils \u00e9taient gentils \u00bb bien s\u00fbr qu\u2019ils \u00e9taient gentils mais ils ont \u00e9t\u00e9 tu\u00e9s \u00e0 cause d\u2019une d\u00e9cision intol\u00e9rable du syndicat mixte de la fourri\u00e8re et tout particuli\u00e8rement de son pr\u00e9sident. Quelle col\u00e8re et d\u00e9solation j\u2019ai ressenties \u00e0 l\u2019\u00e9coute des mots de cette v\u00e9t\u00e9rinaire, une honte.<\/p>\n\n\n\n<p>Tout \u00e7a pourquoi ? parce que le pr\u00e9sident du syndicat mixte de la fourri\u00e8re a d\u00e9cid\u00e9 <strong><a href=\"https:\/\/adopter.graindepixel.fr\/version\/fiv-chats-virus-adoption-refuge\/\" data-type=\"link\" data-id=\"https:\/\/refugedelangoumois.fr\/fiv-chats-virus-adoption-refuge\/\">que tous les chats FIV (s\u00e9ropositifs au sida du chat) <\/a><\/strong>du d\u00e9partement seraient \u00e9radiqu\u00e9s y compris ceux captur\u00e9s lors des campagnes de st\u00e9rilisation. Alors qu\u2019aucune loi n\u2019oblige \u00e0 cela, mais en Charente c\u2019est autre chose ! Combien de chats ont \u00e9t\u00e9 euthanasi\u00e9s sur d\u00e9cision du <strong><a href=\"https:\/\/fourriere16.fr\/\" data-type=\"link\" data-id=\"https:\/\/fourriere16.fr\/\" target=\"_blank\" rel=\"noopener\">syndicat mixte de la fourri\u00e8re <\/a><\/strong>et d\u2019un test rapide qui se r\u00e9v\u00e8le aussi parfois \u00eatre un faux positif, combien de chats a-t-on tu\u00e9s alors qu\u2019ils n\u2019\u00e9taient en r\u00e9alit\u00e9 pas positifs au FIV ou au Felv ? Nous en avons fait l\u2019exp\u00e9rience donc on sait et l\u2019on peut se permettre d\u2019en parler.<\/p>\n\n\n\n<figure class=\"wp-block-kadence-image kb-image4936_e030ec-fc size-large\"><img decoding=\"async\" src=\"https:\/\/adopter.graindepixel.fr\/version\/wp-content\/uploads\/2024\/01\/refuge-de-l-angoumois-26-10-23-graindepixel-425-1024x682.jpg\" alt=\"le chat FIV\" class=\"kb-img wp-image-2696\"\/><\/figure>\n\n\n\n<h2 class=\"wp-block-heading\">Stop \u00e0 l&rsquo;euthanasie<\/h2>\n\n\n\n<p>Alors, peut \u00eatre, verrez-vous le syndicat mixte de la fourri\u00e8re 16 sous un autre jour si on vous pr\u00e9cise qu\u2019<strong>en 2023, avant que l\u2019on dise stop \u00e0 l\u2019euthanasie de convenance, 42 chats FIV ont \u00e9t\u00e9 euthanasi\u00e9s par la seule volont\u00e9 du syndicat mixte de la fourri\u00e8re,&nbsp;<\/strong>UNE HONTE.<\/p>\n\n\n\n<p>Et quelle m\u00e9connaissance en la mati\u00e8re, ils devraient se rapprocher des grandes fondations de protection animale qui leur expliqueraient ce qu\u2019est le FIV, puisqu\u2019ils n\u2019ont jamais voulu nous \u00e9couter. Nous avons pourtant formul\u00e9 des demandes pour faire un avenant \u00e0 notre convention, mais le pr\u00e9sident n\u2019a jamais rien voulu entendre, \u00e9radiquer les chats voil\u00e0 son leitmotiv.<\/p>\n\n\n\n<p>Et non ce n\u2019est pas la pr\u00e9sidente du refuge seule, mais tout un conseil d\u2019administration, qui a d\u00e9cid\u00e9 que les euthanasies de convenance demand\u00e9es par le syndicat mixte de la fourri\u00e8re, pour des chats FIV (et non ce ne sont pas des chats malades comme le pr\u00e9tend le pr\u00e9sident !) ne seraient plus accept\u00e9es.<\/p>\n\n\n\n<p>Concernant la subvention du <strong><a href=\"https:\/\/www.lacharente.fr\/le-departement-de-la-charente\" target=\"_blank\" rel=\"noopener\">d\u00e9partement<\/a><\/strong> il est fort regrettable d\u2019apprendre que certains \u00e9lus soient r\u00e9ticents \u00e0 attribuer une subvention \u00e0 un refuge tel que le n\u00f4tre. Mais bien entendu quand on entend toujours le m\u00eame son de cloche des services d\u2019\u00c9tat et du syndicat, \u00ab il y a des anomalies de ceci, il y a des anomalies de cela \u00bb, il \u00e9tait alors facile de taper sur un refuge qui n\u2019a jamais subi de contr\u00f4le, qui n\u2019\u00e9tait m\u00eame pas inform\u00e9 de certaines obligations, alors que le refuge a toujours fonctionn\u00e9 comme cela et que personne ne disait rien alors.<\/p>\n\n\n\n<p>Mais du jour au lendemain, <strong>au lieu de nous accompagner et de nous conseiller<\/strong>, on s\u2019est vu affubler de tous les maux sur la seule appr\u00e9ciation d\u2019un agent d\u2019\u00e9tat. Quand on pense que quand les anomalies relev\u00e9es \u00e9taient corrig\u00e9es, comme par enchantement cet agent d\u2019\u00e9tat trouvait de nouvelles anomalies ! Allez faire un peu le tour de France vous verrez comment fonctionnent nos confr\u00e8res, rappelons au passage que pour mettre certaines r\u00e8gles en place il faut des salari\u00e9s, mais leur mission premi\u00e8re c\u2019est le soin aux animaux et non pas la paperasse, par ailleurs pour avoir des salari\u00e9s il faut de l\u2019argent, rappelons aussi qu\u2019un refuge n\u2019a pas une planche \u00e0 billets et qu\u2019il n\u2019a pas un but lucratif!<\/p>\n\n\n\n<p class=\"has-text-align-center\"><strong>Quelle belle occasion de nous massacrer.<\/strong><\/p>\n\n\n\n<p>On a compris leur volont\u00e9 quand on voit que des confr\u00e8res d\u2019autres d\u00e9partements travaillent main dans la main avec les services d\u2019\u00e9tat, ou bien quand on se compare \u00e0 d\u2019autres refuges qui n\u2019ont pas \u00e0 supporter les obligations qui sont les n\u00f4tres. On sait que diff\u00e9rents services veulent la mort du Refuge de l\u2019Angoumois, d\u2019autant que l\u2019on sait aussi que certains reluquent sur notre site depuis longtemps.<\/p>\n\n\n\n<h2 class=\"wp-block-heading\"><strong>Quand on veut nuire tous les moyens sont bons<\/strong><\/h2>\n\n\n\n<p>Concernant les \u00e9lus du d\u00e9partement, nous avons \u00e9t\u00e9 choqu\u00e9s d\u2019apprendre qu\u2019ils s\u2019\u00e9taient interrog\u00e9s sur l\u2019int\u00e9r\u00eat de voter une subvention pour le refuge de l\u2019Angoumois l\u2019un des plus grands de France. Mais nous constatons aussi que le Syndicat Mixte de la Fourri\u00e8re est bien inform\u00e9 de ce qu\u2019il se passe au D\u00e9partement, inform\u00e9 de la subvention qui nous a \u00e9t\u00e9 attribu\u00e9e alors que nous ne sommes pas encore, nous inform\u00e9s.<\/p>\n\n\n\n<p>Le travail de sape qui est remont\u00e9<strong><a href=\"https:\/\/www.lacharente.fr\/le-departement-de-la-charente\" target=\"_blank\" rel=\"noopener\"> jusqu\u2019au D\u00e9partemen<\/a><\/strong>t a failli fonctionner car oui on le sait l\u2019objectif c\u2019est de nous retirer toutes les subventions pour nous voir agoniser. Croyez-vous qu\u2019une telle attitude donne une bonne image<strong><a href=\"https:\/\/www.lacharente.fr\/le-departement-de-la-charente\" target=\"_blank\" rel=\"noopener\"> des \u00e9lus de Charente,<\/a><\/strong> que croyez-vous que pensent les administr\u00e9s concernant la protection animale croyez-vous qu\u2019ils d\u00e9fendront les \u00e9lus plut\u00f4t que les animaux ? Les \u00e9lus sont-ils conscients du nombre d\u2019animaux accueillis, abandonn\u00e9s en provenance du d\u00e9partement Charente ?<\/p>\n\n\n\n<figure class=\"wp-block-kadence-image kb-image4936_883e69-eb size-large\"><img decoding=\"async\" src=\"https:\/\/adopter.graindepixel.fr\/version\/wp-content\/uploads\/2025\/07\/refuge-angoumois-grain-de-pixel-27-12-23-657-1024x681.jpg\" alt=\"\" class=\"kb-img wp-image-4940\"\/><\/figure>\n\n\n\n<h2 class=\"wp-block-heading\">Le refuge, une structure indispensable \u00e0 tous<\/h2>\n\n\n\n<p>Sans nous o\u00f9 iraient les personnes qui abandonnent parfois pour des situations sans solution suite \u00e0 des d\u00e9c\u00e8s, des entr\u00e9es en maison de retraite, etc, il semble aussi que l\u2019on soit bien content de trouver le refuge, lors des retraits d\u2019animaux pour maltraitance, ou pour prendre en charge les animaux de personnes suivies par les services sociaux du d\u00e9partement qui n\u2019ont plus capacit\u00e9 \u00e0 s\u2019occuper de leurs animaux, ou lorsque des chats sont trouv\u00e9s accident\u00e9s et que les v\u00e9t\u00e9rinaires appellent le refuge pour demander une prise en charge financi\u00e8re, et que l\u2019on accepte et ensuite qu\u2019on les accueille.<\/p>\n\n\n\n<p>Bon nombre d\u2019\u00e9lus, de fonctionnaires d\u2019\u00e9tat, n\u2019ont pas conscience de ce qu\u2019est un refuge (loin des refuges flambants neufs que l\u2019on voit \u00e0 la t\u00e9l\u00e9, \u00e0 m\u00e9diter aussi par tous ceux qui critiquent, la t\u00e9l\u00e9 c\u2019est de la poudre aux yeux, o\u00f9 chaque s\u00e9quence est mise en sc\u00e8ne), et en particulier de ceux qui se sont appuy\u00e9s sur les seuls propos du Syndicat Mixte de la Fourri\u00e8re et d\u2019un service qui fait la pluie et le beau temps en Charente, inutile de les citer au risque encore que la pr\u00e9sidente du refuge se retrouve \u00e0 la gendarmerie avec menace de garde \u00e0 vue. Mais dans quel monde vit-on ? Comment peut on oser menacer une pr\u00e9sidente b\u00e9n\u00e9vole d\u2019un refuge animalier.<\/p>\n\n\n\n<p>En tout cas on sait que dans notre d\u00e9partement la protection animale n\u2019est pas la priorit\u00e9, \u00e0 la diff\u00e9rence d\u2019autres d\u00e9partements o\u00f9 nos conf\u00e8res travaillent main dans la main avec les services d\u2019\u00c9tat avec le m\u00eame objectif : le respect de la vie animale.<\/p>\n\n\n\n<p>Parlons finances, pr\u00e9cisons tout de m\u00eame que la gestion de la fourri\u00e8re nous co\u00fbtait plus cher que ce qu\u2019elle rapportait au vu des agents \u00e0 r\u00e9mun\u00e9rer et aux frais de d\u00e9placements, quant aux subventions du syndicat rappelons aussi qu\u2019il n\u2019a vers\u00e9 aucune subvention en 2024 alors qu\u2019on a assur\u00e9 une mission pendant 10 mois.<\/p>\n\n\n\n<h2 class=\"wp-block-heading\">Quand on parle finance<\/h2>\n\n\n\n<p>Quant \u00e0 dire qu\u2019on ne va pas demander aux maires et contribuables de payer pour le refuge, non bien entendu, ce n\u2019est nullement une obligation, mais&nbsp;<strong>par contre on pourrait demander au contribuable, son avis sur les euthanasies pratiqu\u00e9es par le syndicat mixte de la fourri\u00e8re 16 avec les deniers publics, et les frais faramineux engag\u00e9s en proc\u00e9dure judiciaire \u00e0 l\u2019encontre du refuge, pay\u00e9s par le contribuable, on en parle ?????<\/strong><\/p>\n\n\n\n<p>Mais rassurez-vous bien heureusement des maires et contribuables de Charente, (que nous remercions chaleureusement) et m\u00eame de la France enti\u00e8re, soucieux de la cause animale, et inform\u00e9s de notre \u00e9thique qui est de ne pas pratiquer d\u2019euthanasies de convenance, versent en toute connaissance de cause des fonds au refuge pour nous aider au fonctionnement et \u00e0 la survie des animaux abandonn\u00e9s.<\/p>\n\n\n\n<p>Il y aurait tant \u00e0 dire sur la situation ubuesque qui dure depuis deux ans, un pr\u00e9sident du syndicat mixte de la fourri\u00e8re 16, born\u00e9 face \u00e0 une pr\u00e9sidente b\u00e9n\u00e9vole, d\u2019association de protection animale qui ne l\u00e2che rien bien entendu quand il s\u2019agit de sauver la vie de chiens et de chats, avec le soutien de ses coll\u00e8gues administrateurs du refuge, des salari\u00e9s et des b\u00e9n\u00e9voles.<\/p>\n\n\n\n<p>Mais bien sur \u00e7a ne plait pas, que la pr\u00e9sidente du Refuge de l\u2019Angoumois ne l\u00e2che toujours rien, mais rappelons que c\u2019est parce qu\u2019ils nous menacent toujours d\u2019euthanasier Bounty, Nala, Cindy, Jason et Get. 5 chiens adorables, pour lesquels nous sommes toujours en proc\u00e9dure, que le syndicat mixte de la fourri\u00e8re n\u2019a jamais voulu transf\u00e9rer au nom du refuge alors que ces chiens sont d\u00e9cat\u00e9goris\u00e9s (par des professionnels), ce n\u2019est donc pas le refuge qui affirme qu\u2019ils ne sont pas de cat\u00e9gorie 1 mais des professionnels v\u00e9t\u00e9rinaires, ind\u00e9pendants, alors pourquoi demander encore de nouvelles diagnoses ?<\/p>\n\n\n\n<p><strong>Rappelons-le, l\u00e0 aussi pay\u00e9es par le contribuable. Ils n\u2019ont jamais d\u2019argent \u00e0 nous donner quand il s\u2019agit de prendre en charge des animaux de retrait que l\u2019on garde en pension, mais quand il s\u2019agit de mettre la pression sur notre refuge, l\u00e0 on trouve le financement, une aberration l\u00e0 aussi.<\/strong><\/p>\n\n\n\n<p>Quant \u00e0 dire que les chiens sont identifi\u00e9s au nom du syndicat mixte de la fourri\u00e8re, en effet ils le sont mais en toute ill\u00e9galit\u00e9 puisque le syndicat mixte de la fourri\u00e8re n\u2019a jamais \u00e9t\u00e9 d\u00e9tenteur des chiens. Mais cela, le pr\u00e9sident du syndicat mixte de la fourri\u00e8re se garde bien de l\u2019expliquer \u00e0 la presse. Voil\u00e0 o\u00f9 nous en sommes \u00e0 ce jour, nos 5 chiens sont maintenus en boxes depuis 2 ans pour certains, \u00e0 cause du syndicat mixte de la fourri\u00e8re 16 qui ne veut pas nous les c\u00e9der.<\/p>\n\n\n\n<figure class=\"wp-block-kadence-image kb-image4936_35002a-8d size-large\"><img decoding=\"async\" src=\"https:\/\/adopter.graindepixel.fr\/version\/wp-content\/uploads\/2025\/07\/refuge-angoumois-studio-grain-de-pixel-73-Modifier-1024x682.jpg\" alt=\"\" class=\"kb-img wp-image-4941\"\/><\/figure>\n\n\n\n<h2 class=\"wp-block-heading\">La vie en box n&rsquo;est pas une vie pour un animal<\/h2>\n\n\n\n<p><strong>On pourrait parler de maltraitance l\u00e0 non ? Laisser des animaux en boxe en leur refusant une vie de famille c\u2019est inhumain.<\/strong><\/p>\n\n\n\n<p>Alors que nos loulous pourraient vivre sans aucun probl\u00e8me en famille tant ils sont gentils ? Et oui gentils et doux ne vous en d\u00e9plaise, mais bien s\u00fbr&nbsp;<strong>comme certains v\u00e9t\u00e9rinaires ne veulent pas se mouiller, ils sont consid\u00e9r\u00e9s \u00ab cat\u00e9gorie 1 \u00bb au faci\u00e8s uniquement, c\u2019est une honte.<\/strong><\/p>\n\n\n\n<p>Alors oui on ne l\u00e2chera rien, malgr\u00e9 les menaces de diff\u00e9rents services, et les menaces une fois de plus contre la pr\u00e9sidente du Refuge de l\u2019Angoumois, car la vie de 5 adorables chiens est en jeu, mais si ces messieurs dames les bureaucrates ne s\u2019\u00e9taient pas obstin\u00e9s \u00e0 refuser de comprendre que ces 5 chiens ne sont pas de cat\u00e9gorie 1, preuve \u00e0 l\u2019appui, et ne m\u00e9ritent pas la mort, nous n\u2019en serions pas l\u00e0.<\/p>\n\n\n\n<p>Alors voil\u00e0 pourquoi en Charente, \u00e0 pr\u00e9sent nous en sommes l\u00e0, depuis janvier 2025,&nbsp;<strong>sans fourri\u00e8re chats et sans suffisamment de place pour les prises en charge de chiens en sortie fourri\u00e8re.<\/strong><\/p>\n\n\n\n<p><strong><a href=\"https:\/\/www.charentelibre.fr\/societe\/faune-et-flore\/en-conflit-avec-la-spa-la-fourriere-expedie-des-chiens-en-charente-maritime-25092039.php\" target=\"_blank\" rel=\"noopener\">Et ainsi donc des chiens de Charente sont envoy\u00e9s dans d\u2019autres d\u00e9partements<\/a><\/strong>, on aura tout vu et tout \u00e7a pourquoi ? Parce que le pr\u00e9sident born\u00e9 du syndicat mixte de la fourri\u00e8re n\u2019a pas voulu c\u00e9der des chiens sur un unique d\u00e9lit de sale gueule, accompagn\u00e9 dans cette d\u00e9cision par des services pour qui la protection animale n\u2019a gu\u00e8re d\u2019int\u00e9r\u00eat.<\/p>\n\n\n\n<p>Et cela, en jouant sur la peur l\u00e9gitime que d\u00e9clenchent quelques faits divers tragiques, mais avec une m\u00e9connaissance totale (ou la volont\u00e9 d\u00e9lib\u00e9r\u00e9e de masquer ?) le r\u00e9sultat d\u2019une expertise men\u00e9e par un organisme d\u2019\u00c9tat,\u00a0<strong><a href=\"https:\/\/www.anses.fr\/fr\/system\/files\/SABA2015SA0158Ra.pdf\" data-type=\"link\" data-id=\"https:\/\/www.anses.fr\/fr\/system\/files\/SABA2015SA0158Ra.pdf\" target=\"_blank\" rel=\"noopener\">l\u2019ANSES (agence nationale de s\u00e9curit\u00e9 sanitaire de l\u2019alimentation, de\u00a0l\u2019environnement et du travail), qui concluait en 2021 <\/a>: \u00ab\u00a0<em>La race ne permet pas \u00e0 elle seule de pr\u00e9dire l\u2019agressivit\u00e9 d\u2019un chien. A ce jour, aucune \u00e9tude scientifique ne met en \u00e9vidence un risque plus \u00e9lev\u00e9 de morsure par les chiens de cat\u00e9gories 1 et 2 dits \u00ab dangereux \u00bb. Les \u00c9tats-Unis, les Pays Bas ou l\u2019Italie, qui avaient adopt\u00e9 des cat\u00e9gorisations similaires, les ont abandonn\u00e9es apr\u00e8s avoir constat\u00e9 leur inefficacit\u00e9 dans la r\u00e9duction du risque de morsure.<\/em>\u00a0\u00bb<\/strong><\/p>\n\n\n\n<p>Mais Monsieur le pr\u00e9sident du syndicat mixte de la fourri\u00e8re et celles, et ceux qui le soutiennent dans son obsession mortif\u00e8re en Charente, sont \u00e9videmment <strong><a href=\"https:\/\/www.anses.fr\/fr\/system\/files\/SABA2015SA0158Ra.pdf\" data-type=\"link\" data-id=\"https:\/\/www.anses.fr\/fr\/system\/files\/SABA2015SA0158Ra.pdf\" target=\"_blank\" rel=\"noopener\">plus comp\u00e9tents que les experts de l\u2019ANSES<\/a><\/strong>.<\/p>\n\n\n\n<p><strong>Alors qu\u2019attendez-vous \u00e0 pr\u00e9sent pour transf\u00e9rer Bounty, Nala, Cindy, Jason et Get, qui ne sont pas cat\u00e9goris\u00e9s (comme stipul\u00e9 sur l\u2019I-CAD), au nom du refuge de l\u2019Angoumois afin qu\u2019ils puissent \u00eatre adopt\u00e9s, et qu\u2019ils vivent enfin heureux en famille ?<\/strong><\/p>\n\n\n\n<p><strong>Et qu\u2019attendez-vous pour nous proposer une convention pour accueillir les chiens en sortie de votre fourri\u00e8re ?<\/strong><\/p>\n\n\n\n<p>Nous ne sommes pas dupes, de vos actuelles petites manigances, car nous en sommes parfaitement inform\u00e9s. Malgr\u00e9 vos petits arrangements, vos pouvoirs, avec lesquels vous vous permettez de mettre en jeu la vie de notre refuge et de celles de nos chiens, nous ne l\u00e2cherons pas.<\/p>\n\n\n\n<p>A trop user de vos pouvoirs\u2026 un jour la roue tourne \u2026<\/p>\n\n\n\n<p><strong>Mais vous ne serez jamais \u00e0 la hauteur de ces \u00eatres dou\u00e9s de sensibilit\u00e9, de conscience, d\u2019intelligence et qui ne sont qu\u2019amour.<\/strong> <strong>Chaque vie est pr\u00e9cieuse et m\u00e9rite d\u2019\u00eatre respect\u00e9e et prot\u00e9g\u00e9e, c\u2019est notre mission.<\/strong><\/p>\n\n\n\n<p><strong>Avec t\u00e9nacit\u00e9, courage, pers\u00e9v\u00e9rance, on ne renoncera jamais\u2026<\/strong><\/p>\n\n\n\n<p><strong>Never give up\u2026<\/strong><\/p>\n\n\n\n<p><strong>Pour nous aider \u00e0 prendre soin de nos animaux c&rsquo;est par ici :<\/strong><\/p>\n\n\n\n<p><a href=\"https:\/\/adopter.graindepixel.fr\/version\/faire-un-don-ou-un-legs-au...\">https:\/\/adopter.graindepixel.fr\/version\/faire-un-don-ou-un-legs-au&#8230;<\/a><\/p>\n\n\n\n<figure class=\"wp-block-kadence-image kb-image4936_b7f703-c1 size-large\"><img decoding=\"async\" src=\"https:\/\/adopter.graindepixel.fr\/version\/wp-content\/uploads\/2025\/07\/refuge-angoumois-studio-grain-de-pixel-244-Modifier-1024x682.jpg\" alt=\"\" class=\"kb-img wp-image-4942\"\/><\/figure>\n","protected":false},"excerpt":{"rendered":"<p>Une petite au point suite \u00e0 l&rsquo;article de Charente libre du 4 juillet 2025 Suite \u00e0 la parution d&rsquo;un article dans le journal Charente Libre, o\u00f9 majorit\u00e9 des propos cit\u00e9s semblent \u00eatre d&rsquo;une origine majoritairement unique et partiale. Voici le droit de r\u00e9ponse de la pr\u00e9sidente du Refuge de l&rsquo;Angoumois aux propos \u00e9voqu\u00e9s. En effet [&hellip;]<\/p>\n","protected":false},"author":1,"featured_media":4941,"comment_status":"closed","ping_status":"open","sticky":false,"template":"","format":"standard","meta":{"_acf_changed":false,"footnotes":""},"categories":[11],"tags":[],"class_list":["post-4936","post","type-post","status-publish","format-standard","has-post-thumbnail","hentry","category-actualites-du-refuge"],"acf":[],"_links":{"self":[{"href":"https:\/\/adopter.graindepixel.fr\/version\/wp-json\/wp\/v2\/posts\/4936","targetHints":{"allow":["GET"]}}],"collection":[{"href":"https:\/\/adopter.graindepixel.fr\/version\/wp-json\/wp\/v2\/posts"}],"about":[{"href":"https:\/\/adopter.graindepixel.fr\/version\/wp-json\/wp\/v2\/types\/post"}],"author":[{"embeddable":true,"href":"https:\/\/adopter.graindepixel.fr\/version\/wp-json\/wp\/v2\/users\/1"}],"replies":[{"embeddable":true,"href":"https:\/\/adopter.graindepixel.fr\/version\/wp-json\/wp\/v2\/comments?post=4936"}],"version-history":[{"count":0,"href":"https:\/\/adopter.graindepixel.fr\/version\/wp-json\/wp\/v2\/posts\/4936\/revisions"}],"wp:featuredmedia":[{"embeddable":true,"href":"https:\/\/adopter.graindepixel.fr\/version\/wp-json\/wp\/v2\/media\/4941"}],"wp:attachment":[{"href":"https:\/\/adopter.graindepixel.fr\/version\/wp-json\/wp\/v2\/media?parent=4936"}],"wp:term":[{"taxonomy":"category","embeddable":true,"href":"https:\/\/adopter.graindepixel.fr\/version\/wp-json\/wp\/v2\/categories?post=4936"},{"taxonomy":"post_tag","embeddable":true,"href":"https:\/\/adopter.graindepixel.fr\/version\/wp-json\/wp\/v2\/tags?post=4936"}],"curies":[{"name":"wp","href":"https:\/\/api.w.org\/{rel}","templated":true}]}}